{"id":20127,"date":"2025-10-15T15:14:00","date_gmt":"2025-10-15T15:14:00","guid":{"rendered":"https:\/\/seed.adtg.fr\/denne-erasmus-mobilitetsuge-for-seeds-projektet\/"},"modified":"2026-07-22T15:07:05","modified_gmt":"2026-07-22T15:07:05","slug":"denne-erasmus-mobilitetsuge-for-seeds-projektet","status":"publish","type":"post","link":"https:\/\/seed.adtg.fr\/da\/denne-erasmus-mobilitetsuge-for-seeds-projektet\/","title":{"rendered":"Denne Erasmus+-mobilitetsuge for SEEDS-projektet"},"content":{"rendered":"<p>Denne Erasmus+-mobilitetsuge for SEEDS-projektet samlede de forskellige europ\u00e6iske partnere i Amiens for officielt at lancere samarbejdet og fastl\u00e6gge projektets f\u00f8rste skridt. Efter deltagernes ankomst s\u00f8ndag den 5. oktober 2025 begyndte aktiviteterne mandag med et m\u00f8de p\u00e5 Rectorat d\u2019Amiens. Formiddagen var afsat til at byde deltagerne velkommen, pr\u00e6sentationer fra de forskellige partnerorganisationer og at f\u00e5 indblik i projektets administrative rammer. Deltagerne blev ogs\u00e5 budt velkommen af Pierre Moya, rektor for Acad\u00e9mie d\u2019Amiens.   <\/p>\n<p>&nbsp;<\/p>\n<p>Mandag eftermiddag gav et m\u00f8de p\u00e5 r\u00e5dhuset mulighed for at pr\u00e6sentere SEEDS-projektet mere detaljeret, herunder dets oprindelse, m\u00e5l og forventede effekter. Hver partner redegjorde derefter for deres involvering i projektet. Det indledende arbejde vedr\u00f8rende Work Package WP2 blev fordelt mellem partnerne, specifikt i forhold til den europ\u00e6iske konference, ressourcekortl\u00e6gningen og udarbejdelsen af en guide. Dagen blev afsluttet med en hyggelig middag, som fremmede yderligere udveksling mellem deltagerne.   <\/p>\n<p>&nbsp;<\/p>\n<p>Tirsdag den 7. oktober m\u00f8dtes partnerne igen p\u00e5 r\u00e5dhuset for at forts\u00e6tte arbejdet. Efter en gennemgang af de administrative rammer pr\u00e6senteret af GIP Via Pro gik deltagerne videre til at v\u00e6lge projektets logo. Om eftermiddagen gav et m\u00f8de i Clo\u00eetre Dewailly mulighed for at pr\u00e6sentere den overordnede tidsplan for projektet samt programmet for de aktiviteter, der er planlagt for 2025-2026. Dr\u00f8ftelserne fortsatte om organiseringen af WP2 og koordineringen af de forskellige indsatser.   <\/p>\n<p>&nbsp;<\/p>\n<p>Fra den 8. til den 10. oktober deltog deltagerne i den europ\u00e6iske konference om kunst- og kulturundervisning, som blev afholdt p\u00e5 Maison de la Culture d\u2019Amiens. Denne begivenhed var et h\u00f8jdepunkt i mobiliteten og gav mulighed for at udveksle p\u00e6dagogiske og kulturelle praksisser, styrke b\u00e5ndene mellem de europ\u00e6iske partnere og forts\u00e6tte implementeringen af SEEDS-projektet i en dynamik pr\u00e6get af samarbejde og f\u00e6lles erfaring. <\/p>\n","protected":false},"excerpt":{"rendered":"<p>Denne Erasmus+-mobilitetsuge for SEEDS-projektet samlede de forskellige europ\u00e6iske partnere i Amiens for officielt at lancere samarbejdet og fastl\u00e6gge projektets f\u00f8rste skridt. Efter deltagernes ankomst s\u00f8ndag den 5. oktober 2025 begyndte aktiviteterne mandag med et m\u00f8de p\u00e5 Rectorat d\u2019Amiens. Formiddagen var afsat til at byde deltagerne velkommen, pr\u00e6sentationer fra de forskellige partnerorganisationer og at f\u00e5 indblik [&hellip;]<\/p>\n","protected":false},"author":1,"featured_media":20128,"comment_status":"closed","ping_status":"closed","sticky":false,"template":"","format":"standard","meta":{"_seopress_titles_title":"","_seopress_titles_desc":"","_seopress_robots_index":"","_seopress_robots_follow":"","_seopress_robots_imageindex":"","_seopress_robots_snippet":"","_seopress_robots_primary_cat":"","_seopress_robots_breadcrumbs":"","_seopress_robots_freeze_modified_date":"","_seopress_robots_custom_modified_date":"","_seopress_robots_canonical":"","_seopress_social_fb_title":"","_seopress_social_fb_desc":"","_seopress_social_fb_img":"","_seopress_social_fb_img_attachment_id":0,"_seopress_social_fb_img_width":0,"_seopress_social_fb_img_height":0,"_seopress_social_twitter_title":"","_seopress_social_twitter_desc":"","_seopress_social_twitter_img":"","_seopress_social_twitter_img_attachment_id":0,"_seopress_social_twitter_img_width":0,"_seopress_social_twitter_img_height":0,"_seopress_redirections_value":"","_seopress_redirections_enabled":"","_seopress_redirections_enabled_regex":"","_seopress_redirections_logged_status":"","_seopress_redirections_param":"","_seopress_redirections_type":0,"_seopress_analysis_target_kw":"","footnotes":""},"categories":[57],"tags":[],"class_list":["post-20127","post","type-post","status-publish","format-standard","has-post-thumbnail","hentry","category-nyheder"],"_links":{"self":[{"href":"https:\/\/seed.adtg.fr\/da\/wp-json\/wp\/v2\/posts\/20127","targetHints":{"allow":["GET"]}}],"collection":[{"href":"https:\/\/seed.adtg.fr\/da\/wp-json\/wp\/v2\/posts"}],"about":[{"href":"https:\/\/seed.adtg.fr\/da\/wp-json\/wp\/v2\/types\/post"}],"author":[{"embeddable":true,"href":"https:\/\/seed.adtg.fr\/da\/wp-json\/wp\/v2\/users\/1"}],"replies":[{"embeddable":true,"href":"https:\/\/seed.adtg.fr\/da\/wp-json\/wp\/v2\/comments?post=20127"}],"version-history":[{"count":1,"href":"https:\/\/seed.adtg.fr\/da\/wp-json\/wp\/v2\/posts\/20127\/revisions"}],"predecessor-version":[{"id":20230,"href":"https:\/\/seed.adtg.fr\/da\/wp-json\/wp\/v2\/posts\/20127\/revisions\/20230"}],"wp:featuredmedia":[{"embeddable":true,"href":"https:\/\/seed.adtg.fr\/da\/wp-json\/wp\/v2\/media\/20128"}],"wp:attachment":[{"href":"https:\/\/seed.adtg.fr\/da\/wp-json\/wp\/v2\/media?parent=20127"}],"wp:term":[{"taxonomy":"category","embeddable":true,"href":"https:\/\/seed.adtg.fr\/da\/wp-json\/wp\/v2\/categories?post=20127"},{"taxonomy":"post_tag","embeddable":true,"href":"https:\/\/seed.adtg.fr\/da\/wp-json\/wp\/v2\/tags?post=20127"}],"curies":[{"name":"wp","href":"https:\/\/api.w.org\/{rel}","templated":true}]}}