{"id":20147,"date":"2026-07-07T16:48:06","date_gmt":"2026-07-07T16:48:06","guid":{"rendered":"https:\/\/seed.adtg.fr\/europaeisk-konference-om-kunstnerisk-og-kulturel-uddannelse\/"},"modified":"2026-07-07T16:48:06","modified_gmt":"2026-07-07T16:48:06","slug":"europaeisk-konference-om-kunstnerisk-og-kulturel-uddannelse","status":"publish","type":"post","link":"https:\/\/seed.adtg.fr\/da\/europaeisk-konference-om-kunstnerisk-og-kulturel-uddannelse\/","title":{"rendered":"Europ\u00e6isk konference om kunstnerisk og kulturel uddannelse"},"content":{"rendered":"<p><strong>Fra 8. til 10. oktober 2025<\/strong> var Amiens v\u00e6rt for den europ\u00e6iske konference om kunstnerisk og kulturel uddannelse (ACE) i Maison de la Culture, som samlede akt\u00f8rer fra uddannelse, kultur og forskning fra hele Europa.<\/p>\n<p>Over tre dage udforskede konferencer, rundbordssamtaler og workshops de st\u00f8rste udfordringer inden for kunstnerisk og kulturel uddannelse: lige adgang, lokale og europ\u00e6iske politikker, kunstneres rolle i uddannelsesprojekter og tilpasning til aktuelle problemstillinger. Programmet vekslede mellem refleksion og praksis med opl\u00e6g fra europ\u00e6iske eksperter, kunstneriske demonstrationer og pr\u00e6sentationer af lokale initiativer. Amiens M\u00e9tropole, der er engageret i en &#8220;100% kunstnerisk og kulturel uddannelse&#8221;-tilgang, pr\u00e6senterede sine indsatser og partnerskaber, samtidig med at de bidrog til debatten om at g\u00f8re kunstnerisk uddannelse til en integreret del af uddannelsessystemet.  <\/p>\n<p><strong>Denne konference pegede p\u00e5 klare retninger<\/strong>: styrkelse af akt\u00f8rernes kompetenceudvikling, udvikling af europ\u00e6isk samarbejde og sikring af, at alle unge har adgang til kultur. Et vigtigt \u00f8jeblik til at bekr\u00e6fte kunstnerisk og kulturel uddannelse som en grundpille i uddannelse og medborgerskab i Europa. <\/p>\n<p>Et resum\u00e9 af konferencen, kaldet &#8220;konferenceproceedings&#8221;, er tilg\u00e6ngeligt p\u00e5 <a href=\"https:\/\/seed.adtg.fr\/wp-content\/uploads\/2026\/07\/Proceedings-European-Conference-ACE-web.pdf\" target=\"_blank\" rel=\"noopener\"><strong>engelsk<\/strong><\/a> og p\u00e5 <a href=\"https:\/\/seed.adtg.fr\/wp-content\/uploads\/2026\/07\/Actes-Assises-europeennes-EAC-web.pdf\" target=\"_blank\" rel=\"noopener\"><strong>fransk<\/strong><\/a> via dette link.<\/p>\n","protected":false},"excerpt":{"rendered":"<p>Fra 8. til 10. oktober 2025 var Amiens v\u00e6rt for den europ\u00e6iske konference om kunstnerisk og kulturel uddannelse (ACE) i Maison de la Culture, som samlede akt\u00f8rer fra uddannelse, kultur og forskning fra hele Europa. Over tre dage udforskede konferencer, rundbordssamtaler og workshops de st\u00f8rste udfordringer inden for kunstnerisk og kulturel uddannelse: lige adgang, lokale [&hellip;]<\/p>\n","protected":false},"author":1,"featured_media":20148,"comment_status":"closed","ping_status":"closed","sticky":false,"template":"","format":"standard","meta":{"_seopress_titles_title":"","_seopress_titles_desc":"","_seopress_robots_index":"","_seopress_robots_follow":"","_seopress_robots_imageindex":"","_seopress_robots_snippet":"","_seopress_robots_primary_cat":"","_seopress_robots_breadcrumbs":"","_seopress_robots_freeze_modified_date":"","_seopress_robots_custom_modified_date":"","_seopress_robots_canonical":"","_seopress_social_fb_title":"","_seopress_social_fb_desc":"","_seopress_social_fb_img":"","_seopress_social_fb_img_attachment_id":0,"_seopress_social_fb_img_width":0,"_seopress_social_fb_img_height":0,"_seopress_social_twitter_title":"","_seopress_social_twitter_desc":"","_seopress_social_twitter_img":"","_seopress_social_twitter_img_attachment_id":0,"_seopress_social_twitter_img_width":0,"_seopress_social_twitter_img_height":0,"_seopress_redirections_value":"","_seopress_redirections_enabled":"","_seopress_redirections_enabled_regex":"","_seopress_redirections_logged_status":"","_seopress_redirections_param":"","_seopress_redirections_type":0,"_seopress_analysis_target_kw":"","footnotes":""},"categories":[58],"tags":[59],"class_list":["post-20147","post","type-post","status-publish","format-standard","has-post-thumbnail","hentry","category-begivenheder","tag-oktober-2025"],"_links":{"self":[{"href":"https:\/\/seed.adtg.fr\/da\/wp-json\/wp\/v2\/posts\/20147","targetHints":{"allow":["GET"]}}],"collection":[{"href":"https:\/\/seed.adtg.fr\/da\/wp-json\/wp\/v2\/posts"}],"about":[{"href":"https:\/\/seed.adtg.fr\/da\/wp-json\/wp\/v2\/types\/post"}],"author":[{"embeddable":true,"href":"https:\/\/seed.adtg.fr\/da\/wp-json\/wp\/v2\/users\/1"}],"replies":[{"embeddable":true,"href":"https:\/\/seed.adtg.fr\/da\/wp-json\/wp\/v2\/comments?post=20147"}],"version-history":[{"count":0,"href":"https:\/\/seed.adtg.fr\/da\/wp-json\/wp\/v2\/posts\/20147\/revisions"}],"wp:featuredmedia":[{"embeddable":true,"href":"https:\/\/seed.adtg.fr\/da\/wp-json\/wp\/v2\/media\/20148"}],"wp:attachment":[{"href":"https:\/\/seed.adtg.fr\/da\/wp-json\/wp\/v2\/media?parent=20147"}],"wp:term":[{"taxonomy":"category","embeddable":true,"href":"https:\/\/seed.adtg.fr\/da\/wp-json\/wp\/v2\/categories?post=20147"},{"taxonomy":"post_tag","embeddable":true,"href":"https:\/\/seed.adtg.fr\/da\/wp-json\/wp\/v2\/tags?post=20147"}],"curies":[{"name":"wp","href":"https:\/\/api.w.org\/{rel}","templated":true}]}}