{"id":20149,"date":"2026-07-07T16:48:06","date_gmt":"2026-07-07T16:48:06","guid":{"rendered":"https:\/\/seed.adtg.fr\/afsluttende-seminar\/"},"modified":"2026-07-07T16:48:06","modified_gmt":"2026-07-07T16:48:06","slug":"afsluttende-seminar","status":"publish","type":"post","link":"https:\/\/seed.adtg.fr\/da\/afsluttende-seminar\/","title":{"rendered":"Afsluttende seminar"},"content":{"rendered":"<p class=\"font-claude-response-body break-words whitespace-normal\"><strong>I juni 2028 afsluttes tre \u00e5rs europ\u00e6isk samarbejde i Lille med SEEDS for Cultures afsluttende seminar. Over [to dage] samles partnere, l\u00e6rere og kulturprofessionelle for at pr\u00e6sentere projektets resultater, dele erfaringer fra praksis og sammen reflektere over, hvordan de kan fastholdes. <\/strong><\/p>\n<p class=\"font-claude-response-body break-words whitespace-normal\">Som projektets h\u00f8jdepunkt vil dette europ\u00e6iske formidlingsseminar samle de syv SEEDS for Culture-partnere og deres netv\u00e6rk \u2014 omkring 80 deltagere fra fem lande. Det vil markere kulminationen p\u00e5 det f\u00e6lles arbejde, der blev igangsat i 2025, for at g\u00f8re kunstnerisk og kulturel uddannelse til et redskab for inklusion og p\u00e6dagogisk innovation. <\/p>\n<p class=\"font-claude-response-body break-words whitespace-normal\">Dr\u00f8ftelserne vil fokusere p\u00e5 de fire outputs, der er udviklet gennem projektet: oversigten over gode praksisser og den flersprogede guide, der er resultatet af den europ\u00e6iske kortl\u00e6gning (WP2), efteruddannelsesmodulet for l\u00e6rere og kulturprofessionelle (WP3) samt Green Paper, koordineret af Thyssen-Bornemisza Foundation, som freml\u00e6gger anbefalinger til offentlige beslutningstagere (WP4).<\/p>\n<p class=\"font-claude-response-body break-words whitespace-normal\">Ud over at pr\u00e6sentere resultaterne vil seminaret v\u00e6re en mulighed for at dele feedback fra afpr\u00f8vnings- og tr\u00e6ningsfaserne og \u00e5bne en f\u00e6lles refleksion over, hvordan indsatserne kan fastholdes og udbredes i st\u00f8rre skala, b\u00e5de i Europa og i partnerterritorierne.<\/p>\n<p class=\"font-claude-response-body break-words whitespace-normal\">Programmet vil kombinere sessioner, der pr\u00e6senterer resultaterne, udvekslinger mellem akt\u00f8rer og et st\u00e6rkt kulturelt indslag: et bes\u00f8g p\u00e5 Matisse-museet i Le Cateau-Cambr\u00e9sis, som forl\u00e6nger m\u00f8det mellem uddannelse, kunst og territorium, der ligger i hjertet af projektet.<\/p>\n","protected":false},"excerpt":{"rendered":"<p>I juni 2028 afsluttes tre \u00e5rs europ\u00e6isk samarbejde i Lille med SEEDS for Cultures afsluttende seminar. Over [to dage] samles partnere, l\u00e6rere og kulturprofessionelle for at pr\u00e6sentere projektets resultater, dele erfaringer fra praksis og sammen reflektere over, hvordan de kan fastholdes. Som projektets h\u00f8jdepunkt vil dette europ\u00e6iske formidlingsseminar samle de syv SEEDS for Culture-partnere og [&hellip;]<\/p>\n","protected":false},"author":1,"featured_media":20150,"comment_status":"closed","ping_status":"closed","sticky":false,"template":"","format":"standard","meta":{"_seopress_titles_title":"","_seopress_titles_desc":"","_seopress_robots_index":"","_seopress_robots_follow":"","_seopress_robots_imageindex":"","_seopress_robots_snippet":"","_seopress_robots_primary_cat":"","_seopress_robots_breadcrumbs":"","_seopress_robots_freeze_modified_date":"","_seopress_robots_custom_modified_date":"","_seopress_robots_canonical":"","_seopress_social_fb_title":"","_seopress_social_fb_desc":"","_seopress_social_fb_img":"","_seopress_social_fb_img_attachment_id":0,"_seopress_social_fb_img_width":0,"_seopress_social_fb_img_height":0,"_seopress_social_twitter_title":"","_seopress_social_twitter_desc":"","_seopress_social_twitter_img":"","_seopress_social_twitter_img_attachment_id":0,"_seopress_social_twitter_img_width":0,"_seopress_social_twitter_img_height":0,"_seopress_redirections_value":"","_seopress_redirections_enabled":"","_seopress_redirections_enabled_regex":"","_seopress_redirections_logged_status":"","_seopress_redirections_param":"","_seopress_redirections_type":0,"_seopress_analysis_target_kw":"","footnotes":""},"categories":[58],"tags":[60],"class_list":["post-20149","post","type-post","status-publish","format-standard","has-post-thumbnail","hentry","category-begivenheder","tag-juni-2028"],"_links":{"self":[{"href":"https:\/\/seed.adtg.fr\/da\/wp-json\/wp\/v2\/posts\/20149","targetHints":{"allow":["GET"]}}],"collection":[{"href":"https:\/\/seed.adtg.fr\/da\/wp-json\/wp\/v2\/posts"}],"about":[{"href":"https:\/\/seed.adtg.fr\/da\/wp-json\/wp\/v2\/types\/post"}],"author":[{"embeddable":true,"href":"https:\/\/seed.adtg.fr\/da\/wp-json\/wp\/v2\/users\/1"}],"replies":[{"embeddable":true,"href":"https:\/\/seed.adtg.fr\/da\/wp-json\/wp\/v2\/comments?post=20149"}],"version-history":[{"count":0,"href":"https:\/\/seed.adtg.fr\/da\/wp-json\/wp\/v2\/posts\/20149\/revisions"}],"wp:featuredmedia":[{"embeddable":true,"href":"https:\/\/seed.adtg.fr\/da\/wp-json\/wp\/v2\/media\/20150"}],"wp:attachment":[{"href":"https:\/\/seed.adtg.fr\/da\/wp-json\/wp\/v2\/media?parent=20149"}],"wp:term":[{"taxonomy":"category","embeddable":true,"href":"https:\/\/seed.adtg.fr\/da\/wp-json\/wp\/v2\/categories?post=20149"},{"taxonomy":"post_tag","embeddable":true,"href":"https:\/\/seed.adtg.fr\/da\/wp-json\/wp\/v2\/tags?post=20149"}],"curies":[{"name":"wp","href":"https:\/\/api.w.org\/{rel}","templated":true}]}}