{"id":19830,"date":"2026-07-07T16:48:06","date_gmt":"2026-07-07T16:48:06","guid":{"rendered":"https:\/\/seed.adtg.fr\/seminario-final\/"},"modified":"2026-07-07T16:48:06","modified_gmt":"2026-07-07T16:48:06","slug":"seminario-final","status":"publish","type":"post","link":"https:\/\/seed.adtg.fr\/es\/seminario-final\/","title":{"rendered":"Seminario final"},"content":{"rendered":"<p class=\"font-claude-response-body break-words whitespace-normal\"><strong>En junio de 2028, tres a\u00f1os de cooperaci\u00f3n europea llegar\u00e1n a su fin en Lille con el seminario final de SEEDS for Culture. Durante [dos d\u00edas], socios, profesores y profesionales de la cultura se reunir\u00e1n para presentar los resultados del proyecto, compartir las lecciones aprendidas sobre el terreno y reflexionar juntos sobre c\u00f3mo darles continuidad. <\/strong><\/p>\n<p class=\"font-claude-response-body break-words whitespace-normal\">Como punto culminante del proyecto, este seminario europeo de difusi\u00f3n reunir\u00e1 a los siete socios de SEEDS for Culture y sus redes \u2014alrededor de 80 participantes de cinco pa\u00edses\u2014. Marcar\u00e1 la culminaci\u00f3n del trabajo conjunto iniciado en 2025 para hacer de la educaci\u00f3n art\u00edstica y cultural una palanca para la inclusi\u00f3n y la innovaci\u00f3n pedag\u00f3gica. <\/p>\n<p class=\"font-claude-response-body break-words whitespace-normal\">Los debates se centrar\u00e1n en los cuatro productos desarrollados a lo largo del proyecto: el inventario de buenas pr\u00e1cticas y la gu\u00eda multiling\u00fce resultantes del mapeo europeo (WP2), el m\u00f3dulo de formaci\u00f3n continua para profesores y profesionales de la cultura (WP3), y el Libro Verde, coordinado por la Fundaci\u00f3n Thyssen-Bornemisza, que establece recomendaciones para los responsables de la toma de decisiones p\u00fablicas (WP4).<\/p>\n<p class=\"font-claude-response-body break-words whitespace-normal\">M\u00e1s all\u00e1 de la presentaci\u00f3n de los resultados, el seminario ser\u00e1 una oportunidad para compartir la experiencia de las fases de experimentaci\u00f3n y formaci\u00f3n, y para abrir una reflexi\u00f3n colectiva sobre la continuidad de las acciones y su difusi\u00f3n a mayor escala, tanto en Europa como en los territorios socios.<\/p>\n<p class=\"font-claude-response-body break-words whitespace-normal\">El programa combinar\u00e1 sesiones de presentaci\u00f3n de resultados, intercambios entre las partes interesadas y un fuerte momento cultural: una visita al Museo Matisse de Le Cateau-Cambr\u00e9sis, que prolonga el encuentro entre educaci\u00f3n, arte y territorio que constituye el coraz\u00f3n del proyecto.<\/p>\n","protected":false},"excerpt":{"rendered":"<p>En junio de 2028, tres a\u00f1os de cooperaci\u00f3n europea llegar\u00e1n a su fin en Lille con el seminario final de SEEDS for Culture. Durante [dos d\u00edas], socios, profesores y profesionales de la cultura se reunir\u00e1n para presentar los resultados del proyecto, compartir las lecciones aprendidas sobre el terreno y reflexionar juntos sobre c\u00f3mo darles continuidad. [&hellip;]<\/p>\n","protected":false},"author":1,"featured_media":19831,"comment_status":"closed","ping_status":"closed","sticky":false,"template":"","format":"standard","meta":{"_seopress_titles_title":"","_seopress_titles_desc":"","_seopress_robots_index":"","_seopress_robots_follow":"","_seopress_robots_imageindex":"","_seopress_robots_snippet":"","_seopress_robots_primary_cat":"","_seopress_robots_breadcrumbs":"","_seopress_robots_freeze_modified_date":"","_seopress_robots_custom_modified_date":"","_seopress_robots_canonical":"","_seopress_social_fb_title":"","_seopress_social_fb_desc":"","_seopress_social_fb_img":"","_seopress_social_fb_img_attachment_id":0,"_seopress_social_fb_img_width":0,"_seopress_social_fb_img_height":0,"_seopress_social_twitter_title":"","_seopress_social_twitter_desc":"","_seopress_social_twitter_img":"","_seopress_social_twitter_img_attachment_id":0,"_seopress_social_twitter_img_width":0,"_seopress_social_twitter_img_height":0,"_seopress_redirections_value":"","_seopress_redirections_enabled":"","_seopress_redirections_enabled_regex":"","_seopress_redirections_logged_status":"","_seopress_redirections_param":"","_seopress_redirections_type":0,"_seopress_analysis_target_kw":"","footnotes":""},"categories":[45],"tags":[46],"class_list":["post-19830","post","type-post","status-publish","format-standard","has-post-thumbnail","hentry","category-eventos","tag-junio-de-2028"],"_links":{"self":[{"href":"https:\/\/seed.adtg.fr\/es\/wp-json\/wp\/v2\/posts\/19830","targetHints":{"allow":["GET"]}}],"collection":[{"href":"https:\/\/seed.adtg.fr\/es\/wp-json\/wp\/v2\/posts"}],"about":[{"href":"https:\/\/seed.adtg.fr\/es\/wp-json\/wp\/v2\/types\/post"}],"author":[{"embeddable":true,"href":"https:\/\/seed.adtg.fr\/es\/wp-json\/wp\/v2\/users\/1"}],"replies":[{"embeddable":true,"href":"https:\/\/seed.adtg.fr\/es\/wp-json\/wp\/v2\/comments?post=19830"}],"version-history":[{"count":0,"href":"https:\/\/seed.adtg.fr\/es\/wp-json\/wp\/v2\/posts\/19830\/revisions"}],"wp:featuredmedia":[{"embeddable":true,"href":"https:\/\/seed.adtg.fr\/es\/wp-json\/wp\/v2\/media\/19831"}],"wp:attachment":[{"href":"https:\/\/seed.adtg.fr\/es\/wp-json\/wp\/v2\/media?parent=19830"}],"wp:term":[{"taxonomy":"category","embeddable":true,"href":"https:\/\/seed.adtg.fr\/es\/wp-json\/wp\/v2\/categories?post=19830"},{"taxonomy":"post_tag","embeddable":true,"href":"https:\/\/seed.adtg.fr\/es\/wp-json\/wp\/v2\/tags?post=19830"}],"curies":[{"name":"wp","href":"https:\/\/api.w.org\/{rel}","templated":true}]}}