{"id":19836,"date":"2026-07-07T16:48:06","date_gmt":"2026-07-07T16:48:06","guid":{"rendered":"https:\/\/seed.adtg.fr\/conferencia-europea-sobre-educacion-artistica-y-cultural\/"},"modified":"2026-07-07T16:48:06","modified_gmt":"2026-07-07T16:48:06","slug":"conferencia-europea-sobre-educacion-artistica-y-cultural","status":"publish","type":"post","link":"https:\/\/seed.adtg.fr\/es\/conferencia-europea-sobre-educacion-artistica-y-cultural\/","title":{"rendered":"Conferencia Europea sobre Educaci\u00f3n Art\u00edstica y Cultural"},"content":{"rendered":"<p><strong>Del 8 al 10 de octubre de 2025<\/strong>, Amiens acogi\u00f3 la Conferencia Europea sobre Educaci\u00f3n Art\u00edstica y Cultural (EAC) en la Maison de la Culture, reuniendo a partes interesadas de la educaci\u00f3n, la cultura y la investigaci\u00f3n de toda Europa.<\/p>\n<p>Durante tres d\u00edas, conferencias, mesas redondas y talleres exploraron los principales desaf\u00edos de la Educaci\u00f3n Art\u00edstica y Cultural: el acceso equitativo, las pol\u00edticas locales y europeas, el papel de los artistas en los proyectos educativos y la adaptaci\u00f3n a los problemas actuales. El programa altern\u00f3 la reflexi\u00f3n y la pr\u00e1ctica, con presentaciones de expertos europeos, demostraciones art\u00edsticas y presentaciones de iniciativas locales. Amiens M\u00e9tropole, comprometida con un enfoque de \u00ab100 % Educaci\u00f3n Art\u00edstica y Cultural\u00bb, mostr\u00f3 sus acciones y asociaciones, al tiempo que contribuy\u00f3 al debate sobre la integraci\u00f3n de la educaci\u00f3n art\u00edstica.  <\/p>\n<p><strong>Esta Conferencia puso de manifiesto orientaciones firmes<\/strong>: reforzar la formaci\u00f3n de las partes interesadas, desarrollar la cooperaci\u00f3n europea y garantizar que todos los j\u00f3venes tengan acceso a la cultura. Un momento clave para afirmar la Educaci\u00f3n Art\u00edstica y Cultural como pilar de la educaci\u00f3n y la ciudadan\u00eda en Europa. <\/p>\n<p>Un resumen de la conferencia, denominado \u00ablas actas de la conferencia\u00bb, est\u00e1 disponible en <a href=\"https:\/\/seed.adtg.fr\/wp-content\/uploads\/2026\/07\/Proceedings-European-Conference-ACE-web.pdf\" target=\"_blank\" rel=\"noopener\"><strong>ingl\u00e9s<\/strong><\/a> y en <a href=\"https:\/\/seed.adtg.fr\/wp-content\/uploads\/2026\/07\/Actes-Assises-europeennes-EAC-web.pdf\" target=\"_blank\" rel=\"noopener\"><strong>franc\u00e9s<\/strong><\/a> a trav\u00e9s de este enlace.<\/p>\n","protected":false},"excerpt":{"rendered":"<p>Del 8 al 10 de octubre de 2025, Amiens acogi\u00f3 la Conferencia Europea sobre Educaci\u00f3n Art\u00edstica y Cultural (EAC) en la Maison de la Culture, reuniendo a partes interesadas de la educaci\u00f3n, la cultura y la investigaci\u00f3n de toda Europa. Durante tres d\u00edas, conferencias, mesas redondas y talleres exploraron los principales desaf\u00edos de la Educaci\u00f3n [&hellip;]<\/p>\n","protected":false},"author":1,"featured_media":19837,"comment_status":"closed","ping_status":"closed","sticky":false,"template":"","format":"standard","meta":{"_seopress_titles_title":"","_seopress_titles_desc":"","_seopress_robots_index":"","_seopress_robots_follow":"","_seopress_robots_imageindex":"","_seopress_robots_snippet":"","_seopress_robots_primary_cat":"","_seopress_robots_breadcrumbs":"","_seopress_robots_freeze_modified_date":"","_seopress_robots_custom_modified_date":"","_seopress_robots_canonical":"","_seopress_social_fb_title":"","_seopress_social_fb_desc":"","_seopress_social_fb_img":"","_seopress_social_fb_img_attachment_id":0,"_seopress_social_fb_img_width":0,"_seopress_social_fb_img_height":0,"_seopress_social_twitter_title":"","_seopress_social_twitter_desc":"","_seopress_social_twitter_img":"","_seopress_social_twitter_img_attachment_id":0,"_seopress_social_twitter_img_width":0,"_seopress_social_twitter_img_height":0,"_seopress_redirections_value":"","_seopress_redirections_enabled":"","_seopress_redirections_enabled_regex":"","_seopress_redirections_logged_status":"","_seopress_redirections_param":"","_seopress_redirections_type":0,"_seopress_analysis_target_kw":"","footnotes":""},"categories":[45],"tags":[47],"class_list":["post-19836","post","type-post","status-publish","format-standard","has-post-thumbnail","hentry","category-eventos","tag-octubre-de-2025"],"_links":{"self":[{"href":"https:\/\/seed.adtg.fr\/es\/wp-json\/wp\/v2\/posts\/19836","targetHints":{"allow":["GET"]}}],"collection":[{"href":"https:\/\/seed.adtg.fr\/es\/wp-json\/wp\/v2\/posts"}],"about":[{"href":"https:\/\/seed.adtg.fr\/es\/wp-json\/wp\/v2\/types\/post"}],"author":[{"embeddable":true,"href":"https:\/\/seed.adtg.fr\/es\/wp-json\/wp\/v2\/users\/1"}],"replies":[{"embeddable":true,"href":"https:\/\/seed.adtg.fr\/es\/wp-json\/wp\/v2\/comments?post=19836"}],"version-history":[{"count":0,"href":"https:\/\/seed.adtg.fr\/es\/wp-json\/wp\/v2\/posts\/19836\/revisions"}],"wp:featuredmedia":[{"embeddable":true,"href":"https:\/\/seed.adtg.fr\/es\/wp-json\/wp\/v2\/media\/19837"}],"wp:attachment":[{"href":"https:\/\/seed.adtg.fr\/es\/wp-json\/wp\/v2\/media?parent=19836"}],"wp:term":[{"taxonomy":"category","embeddable":true,"href":"https:\/\/seed.adtg.fr\/es\/wp-json\/wp\/v2\/categories?post=19836"},{"taxonomy":"post_tag","embeddable":true,"href":"https:\/\/seed.adtg.fr\/es\/wp-json\/wp\/v2\/tags?post=19836"}],"curies":[{"name":"wp","href":"https:\/\/api.w.org\/{rel}","templated":true}]}}