{"id":19917,"date":"2025-10-15T15:14:00","date_gmt":"2025-10-15T15:14:00","guid":{"rendered":"https:\/\/seed.adtg.fr\/esta-semana-de-movilidad-erasmus-para-el-proyecto-seeds\/"},"modified":"2025-10-15T15:14:00","modified_gmt":"2025-10-15T15:14:00","slug":"esta-semana-de-movilidad-erasmus-para-el-proyecto-seeds","status":"publish","type":"post","link":"https:\/\/seed.adtg.fr\/es\/esta-semana-de-movilidad-erasmus-para-el-proyecto-seeds\/","title":{"rendered":"Esta semana de movilidad Erasmus+ para el proyecto SEEDS"},"content":{"rendered":"<p>Esta semana de movilidad Erasmus+ para el proyecto SEEDS reuni\u00f3 a los diversos socios europeos en Amiens para lanzar oficialmente la cooperaci\u00f3n y definir los primeros pasos del proyecto. Tras la llegada de los participantes el domingo 5 de octubre de 2025, las actividades comenzaron el lunes con una reuni\u00f3n en el Rectorado de Amiens. La ma\u00f1ana se dedic\u00f3 a la bienvenida de los participantes, a las presentaciones de las diversas organizaciones asociadas y al descubrimiento del marco administrativo del proyecto. Los participantes tambi\u00e9n fueron recibidos por Pierre Moya, Rector de la Academia de Amiens.   <\/p>\n<p>&nbsp;<\/p>\n<p>El lunes por la tarde, una reuni\u00f3n en el Ayuntamiento brind\u00f3 la oportunidad de presentar el proyecto SEEDS con mayor detalle, incluyendo sus or\u00edgenes, objetivos e impactos esperados. Cada socio expuso entonces su implicaci\u00f3n en el proyecto. El trabajo inicial relativo al paquete de trabajo WP2 se distribuy\u00f3 entre los socios, espec\u00edficamente en lo que respecta a la conferencia europea, el inventario de recursos y la creaci\u00f3n de una gu\u00eda. La jornada concluy\u00f3 con una cena de convivencia, fomentando un mayor intercambio entre los participantes.   <\/p>\n<p>&nbsp;<\/p>\n<p>El martes 7 de octubre, los socios se reunieron de nuevo en el Ayuntamiento para continuar su trabajo. Tras una revisi\u00f3n del marco administrativo proporcionado por GIP Via Pro, los participantes procedieron a seleccionar el logotipo del proyecto. Por la tarde, una reuni\u00f3n en el Claustro Dewailly permiti\u00f3 la presentaci\u00f3n del cronograma general del proyecto, as\u00ed como el programa de actividades previsto para 2025-2026. Las discusiones continuaron en relaci\u00f3n con la organizaci\u00f3n del WP2 y la coordinaci\u00f3n de las diversas acciones.   <\/p>\n<p>&nbsp;<\/p>\n<p>Del 8 al 10 de octubre, los participantes tomaron parte en la Conferencia Europea dedicada a la educaci\u00f3n art\u00edstica y cultural, celebrada en la Maison de la Culture de Amiens. Este evento fue un punto culminante de la movilidad, ofreciendo una oportunidad para intercambiar pr\u00e1cticas educativas y culturales, fortalecer los lazos entre los socios europeos y continuar la implementaci\u00f3n del proyecto SEEDS dentro de una din\u00e1mica de cooperaci\u00f3n y experiencia compartida. <\/p>\n","protected":false},"excerpt":{"rendered":"<p>Esta semana de movilidad Erasmus+ para el proyecto SEEDS reuni\u00f3 a los diversos socios europeos en Amiens para lanzar oficialmente la cooperaci\u00f3n y definir los primeros pasos del proyecto. Tras la llegada de los participantes el domingo 5 de octubre de 2025, las actividades comenzaron el lunes con una reuni\u00f3n en el Rectorado de Amiens. [&hellip;]<\/p>\n","protected":false},"author":1,"featured_media":19918,"comment_status":"closed","ping_status":"closed","sticky":false,"template":"","format":"standard","meta":{"_seopress_titles_title":"","_seopress_titles_desc":"","_seopress_robots_index":"","_seopress_robots_follow":"","_seopress_robots_imageindex":"","_seopress_robots_snippet":"","_seopress_robots_primary_cat":"","_seopress_robots_breadcrumbs":"","_seopress_robots_freeze_modified_date":"","_seopress_robots_custom_modified_date":"","_seopress_robots_canonical":"","_seopress_social_fb_title":"","_seopress_social_fb_desc":"","_seopress_social_fb_img":"","_seopress_social_fb_img_attachment_id":0,"_seopress_social_fb_img_width":0,"_seopress_social_fb_img_height":0,"_seopress_social_twitter_title":"","_seopress_social_twitter_desc":"","_seopress_social_twitter_img":"","_seopress_social_twitter_img_attachment_id":0,"_seopress_social_twitter_img_width":0,"_seopress_social_twitter_img_height":0,"_seopress_redirections_value":"","_seopress_redirections_enabled":"","_seopress_redirections_enabled_regex":"","_seopress_redirections_logged_status":"","_seopress_redirections_param":"","_seopress_redirections_type":0,"_seopress_analysis_target_kw":"","footnotes":""},"categories":[48],"tags":[],"class_list":["post-19917","post","type-post","status-publish","format-standard","has-post-thumbnail","hentry","category-noticias"],"_links":{"self":[{"href":"https:\/\/seed.adtg.fr\/es\/wp-json\/wp\/v2\/posts\/19917","targetHints":{"allow":["GET"]}}],"collection":[{"href":"https:\/\/seed.adtg.fr\/es\/wp-json\/wp\/v2\/posts"}],"about":[{"href":"https:\/\/seed.adtg.fr\/es\/wp-json\/wp\/v2\/types\/post"}],"author":[{"embeddable":true,"href":"https:\/\/seed.adtg.fr\/es\/wp-json\/wp\/v2\/users\/1"}],"replies":[{"embeddable":true,"href":"https:\/\/seed.adtg.fr\/es\/wp-json\/wp\/v2\/comments?post=19917"}],"version-history":[{"count":0,"href":"https:\/\/seed.adtg.fr\/es\/wp-json\/wp\/v2\/posts\/19917\/revisions"}],"wp:featuredmedia":[{"embeddable":true,"href":"https:\/\/seed.adtg.fr\/es\/wp-json\/wp\/v2\/media\/19918"}],"wp:attachment":[{"href":"https:\/\/seed.adtg.fr\/es\/wp-json\/wp\/v2\/media?parent=19917"}],"wp:term":[{"taxonomy":"category","embeddable":true,"href":"https:\/\/seed.adtg.fr\/es\/wp-json\/wp\/v2\/categories?post=19917"},{"taxonomy":"post_tag","embeddable":true,"href":"https:\/\/seed.adtg.fr\/es\/wp-json\/wp\/v2\/tags?post=19917"}],"curies":[{"name":"wp","href":"https:\/\/api.w.org\/{rel}","templated":true}]}}