{"id":20291,"date":"2026-07-07T16:48:06","date_gmt":"2026-07-07T16:48:06","guid":{"rendered":"https:\/\/seed.adtg.fr\/eurooppalainen-konferenssi-taiteellisesta-ja-kulttuurikasvatuksesta\/"},"modified":"2026-07-07T16:48:06","modified_gmt":"2026-07-07T16:48:06","slug":"eurooppalainen-konferenssi-taiteellisesta-ja-kulttuurikasvatuksesta","status":"publish","type":"post","link":"https:\/\/seed.adtg.fr\/fi\/eurooppalainen-konferenssi-taiteellisesta-ja-kulttuurikasvatuksesta\/","title":{"rendered":"Eurooppalainen konferenssi taiteellisesta ja kulttuurikasvatuksesta"},"content":{"rendered":"<p><strong>8.\u201310. lokakuuta 2025<\/strong> Amiens is\u00e4nn\u00f6i Eurooppalaista konferenssia taiteellisesta ja kulttuurikasvatuksesta (ACE) Maison de la Culturessa, kokoamalla yhteen sidosryhmi\u00e4 koulutuksen, kulttuurin ja tutkimuksen aloilta ymp\u00e4ri Eurooppaa.<\/p>\n<p>Kolmen p\u00e4iv\u00e4n aikana konferenssit, py\u00f6re\u00e4n p\u00f6yd\u00e4n keskustelut ja ty\u00f6pajat tarkastelivat taiteellisen ja kulttuurikasvatuksen keskeisi\u00e4 haasteita: yhdenvertaista p\u00e4\u00e4sy\u00e4, paikallisia ja eurooppalaisia politiikkoja, taiteilijoiden roolia koulutushankkeissa sek\u00e4 sopeutumista ajankohtaisiin kysymyksiin. Ohjelma vurotteli pohdintaa ja k\u00e4yt\u00e4nt\u00f6\u00e4 eurooppalaisten asiantuntijoiden esitysten, taiteellisten esittelyjen ja paikallisten aloitteiden esittelyjen muodossa. Amiens M\u00e9tropole, joka on sitoutunut &#8221;100 % taiteellisen ja kulttuurikasvatuksen&#8221; l\u00e4hestymistapaan, esitteli toimiaan ja kumppanuuksiaan samalla kun se osallistui keskusteluun taiteellisen kasvatuksen valtavirtaistamisesta.  <\/p>\n<p><strong>T\u00e4m\u00e4 konferenssi toi esiin vahvoja suuntaviivoja<\/strong>: sidosryhmien koulutuksen vahvistaminen, eurooppalaisen yhteisty\u00f6n kehitt\u00e4minen ja kaikkien nuorten p\u00e4\u00e4syn varmistaminen kulttuuriin. Keskeinen hetki vahvistaa taiteellinen ja kulttuurikasvatus koulutuksen ja kansalaisuuden pilarina Euroopassa. <\/p>\n<p>Yhteenveto konferenssista, nimelt\u00e4\u00e4n &#8221;Conference proceedings&#8221;, on saatavilla <a href=\"https:\/\/seed.adtg.fr\/wp-content\/uploads\/2026\/07\/Proceedings-European-Conference-ACE-web.pdf\" target=\"_blank\" rel=\"noopener\"><strong>englanniksi<\/strong><\/a> ja <a href=\"https:\/\/seed.adtg.fr\/wp-content\/uploads\/2026\/07\/Actes-Assises-europeennes-EAC-web.pdf\" target=\"_blank\" rel=\"noopener\"><strong>ranskaksi<\/strong><\/a> t\u00e4m\u00e4n linkin kautta.<\/p>\n","protected":false},"excerpt":{"rendered":"<p>8.\u201310. lokakuuta 2025 Amiens is\u00e4nn\u00f6i Eurooppalaista konferenssia taiteellisesta ja kulttuurikasvatuksesta (ACE) Maison de la Culturessa, kokoamalla yhteen sidosryhmi\u00e4 koulutuksen, kulttuurin ja tutkimuksen aloilta ymp\u00e4ri Eurooppaa. Kolmen p\u00e4iv\u00e4n aikana konferenssit, py\u00f6re\u00e4n p\u00f6yd\u00e4n keskustelut ja ty\u00f6pajat tarkastelivat taiteellisen ja kulttuurikasvatuksen keskeisi\u00e4 haasteita: yhdenvertaista p\u00e4\u00e4sy\u00e4, paikallisia ja eurooppalaisia politiikkoja, taiteilijoiden roolia koulutushankkeissa sek\u00e4 sopeutumista ajankohtaisiin kysymyksiin. Ohjelma vurotteli [&hellip;]<\/p>\n","protected":false},"author":1,"featured_media":20292,"comment_status":"closed","ping_status":"closed","sticky":false,"template":"","format":"standard","meta":{"_seopress_titles_title":"","_seopress_titles_desc":"","_seopress_robots_index":"","_seopress_robots_follow":"","_seopress_robots_imageindex":"","_seopress_robots_snippet":"","_seopress_robots_primary_cat":"","_seopress_robots_breadcrumbs":"","_seopress_robots_freeze_modified_date":"","_seopress_robots_custom_modified_date":"","_seopress_robots_canonical":"","_seopress_social_fb_title":"","_seopress_social_fb_desc":"","_seopress_social_fb_img":"","_seopress_social_fb_img_attachment_id":0,"_seopress_social_fb_img_width":0,"_seopress_social_fb_img_height":0,"_seopress_social_twitter_title":"","_seopress_social_twitter_desc":"","_seopress_social_twitter_img":"","_seopress_social_twitter_img_attachment_id":0,"_seopress_social_twitter_img_width":0,"_seopress_social_twitter_img_height":0,"_seopress_redirections_value":"","_seopress_redirections_enabled":"","_seopress_redirections_enabled_regex":"","_seopress_redirections_logged_status":"","_seopress_redirections_param":"","_seopress_redirections_type":0,"_seopress_analysis_target_kw":"","footnotes":""},"categories":[63],"tags":[64],"class_list":["post-20291","post","type-post","status-publish","format-standard","has-post-thumbnail","hentry","category-tapahtumat","tag-lokakuu-2025"],"_links":{"self":[{"href":"https:\/\/seed.adtg.fr\/fi\/wp-json\/wp\/v2\/posts\/20291","targetHints":{"allow":["GET"]}}],"collection":[{"href":"https:\/\/seed.adtg.fr\/fi\/wp-json\/wp\/v2\/posts"}],"about":[{"href":"https:\/\/seed.adtg.fr\/fi\/wp-json\/wp\/v2\/types\/post"}],"author":[{"embeddable":true,"href":"https:\/\/seed.adtg.fr\/fi\/wp-json\/wp\/v2\/users\/1"}],"replies":[{"embeddable":true,"href":"https:\/\/seed.adtg.fr\/fi\/wp-json\/wp\/v2\/comments?post=20291"}],"version-history":[{"count":0,"href":"https:\/\/seed.adtg.fr\/fi\/wp-json\/wp\/v2\/posts\/20291\/revisions"}],"wp:featuredmedia":[{"embeddable":true,"href":"https:\/\/seed.adtg.fr\/fi\/wp-json\/wp\/v2\/media\/20292"}],"wp:attachment":[{"href":"https:\/\/seed.adtg.fr\/fi\/wp-json\/wp\/v2\/media?parent=20291"}],"wp:term":[{"taxonomy":"category","embeddable":true,"href":"https:\/\/seed.adtg.fr\/fi\/wp-json\/wp\/v2\/categories?post=20291"},{"taxonomy":"post_tag","embeddable":true,"href":"https:\/\/seed.adtg.fr\/fi\/wp-json\/wp\/v2\/tags?post=20291"}],"curies":[{"name":"wp","href":"https:\/\/api.w.org\/{rel}","templated":true}]}}