{"id":20319,"date":"2025-10-15T15:14:00","date_gmt":"2025-10-15T15:14:00","guid":{"rendered":"https:\/\/seed.adtg.fr\/tama-erasmus-liikkuvuusviikko-seeds-projektia-varten\/"},"modified":"2026-07-22T18:02:47","modified_gmt":"2026-07-22T18:02:47","slug":"tama-erasmus-liikkuvuusviikko-seeds-projektia-varten","status":"publish","type":"post","link":"https:\/\/seed.adtg.fr\/fi\/tama-erasmus-liikkuvuusviikko-seeds-projektia-varten\/","title":{"rendered":"T\u00e4m\u00e4 Erasmus+-liikkuvuusviikko SEEDS-projektia varten"},"content":{"rendered":"<p>T\u00e4m\u00e4 Erasmus+-liikkuvuusviikko SEEDS-projektia varten kokosi eri eurooppalaiset kumppanit yhteen Amiensiin yhteisty\u00f6n viralliseksi k\u00e4ynnist\u00e4miseksi ja projektin ensimm\u00e4isten vaiheiden m\u00e4\u00e4rittelemiseksi. Osallistujien saavuttua sunnuntaina 5. lokakuuta 2025, toiminta alkoi maanantaina tapaamisella Rectorat d&#8217;Amiensissa. Aamu oli omistettu osallistujien vastaanottamiselle, eri kumppaniorganisaatioiden esittelyille sek\u00e4 projektin hallinnollisen kehyksen tutustumiselle. Osallistujat toivotettiin tervetulleiksi my\u00f6s Pierre Moyan, Acad\u00e9mie d&#8217;Amiensin rehtorin, toimesta.   <\/p>\n<p>&nbsp;<\/p>\n<p>Maanantai-iltap\u00e4iv\u00e4n\u00e4 kaupungintalolla pidetty tapaaminen tarjosi tilaisuuden esitell\u00e4 SEEDS-projekti yksityiskohtaisemmin, mukaan lukien sen alkuper\u00e4, tavoitteet ja odotetut vaikutukset. Jokainen kumppani esitteli sitten osallisuutensa projektissa. Work Package WP2 koskeva ensimm\u00e4inen ty\u00f6 jaettiin kumppaneiden kesken, erityisesti eurooppalaisen konferenssin, resurssien kartoituksen ja oppaan luomisen osalta. P\u00e4iv\u00e4 p\u00e4\u00e4ttyi yst\u00e4v\u00e4lliseen illalliseen, joka rohkaisi osallistujien v\u00e4list\u00e4 vuorovaikutusta.   <\/p>\n<p>&nbsp;<\/p>\n<p>Tiistaina 7. lokakuuta kumppanit kokoontuivat j\u00e4lleen kaupungintalolla jatkaakseen ty\u00f6t\u00e4\u00e4n. GIP Via Pron tarjoaman hallinnollisen kehyksen l\u00e4pik\u00e4ynnin j\u00e4lkeen osallistujat eteniv\u00e4t projektin logon valintaan. Iltap\u00e4iv\u00e4ll\u00e4 Clo\u00eetre Dewaillyss\u00e4 pidetty tapaaminen mahdollisti projektin yleisen aikataulun sek\u00e4 vuosille 2025\u20132026 suunnitellun toimintaohjelman esittelyn. Keskustelut jatkuivat WP2:n organisoinnista ja eri toimien koordinoinnista.   <\/p>\n<p>&nbsp;<\/p>\n<p>Lokakuun 8.\u201310. p\u00e4iv\u00e4n\u00e4 osallistujat osallistuivat taide- ja kulttuurikasvatukselle omistetulle eurooppalaiselle konferenssille, joka pidettiin Maison de la Culture d&#8217;Amiensissa. T\u00e4m\u00e4 tapahtuma oli liikkuvuuden kohokohta, tarjoten tilaisuuden vaihtaa kasvatuksellisia ja kulttuurisia k\u00e4yt\u00e4nt\u00f6j\u00e4, vahvistaa eurooppalaisten kumppaneiden v\u00e4lisi\u00e4 siteit\u00e4 ja jatkaa SEEDS-projektin toteuttamista yhteisty\u00f6n ja jaetun kokemuksen dynamiikassa. <\/p>\n","protected":false},"excerpt":{"rendered":"<p>T\u00e4m\u00e4 Erasmus+-liikkuvuusviikko SEEDS-projektia varten kokosi eri eurooppalaiset kumppanit yhteen Amiensiin yhteisty\u00f6n viralliseksi k\u00e4ynnist\u00e4miseksi ja projektin ensimm\u00e4isten vaiheiden m\u00e4\u00e4rittelemiseksi. Osallistujien saavuttua sunnuntaina 5. lokakuuta 2025, toiminta alkoi maanantaina tapaamisella Rectorat d&#8217;Amiensissa. Aamu oli omistettu osallistujien vastaanottamiselle, eri kumppaniorganisaatioiden esittelyille sek\u00e4 projektin hallinnollisen kehyksen tutustumiselle. Osallistujat toivotettiin tervetulleiksi my\u00f6s Pierre Moyan, Acad\u00e9mie d&#8217;Amiensin rehtorin, toimesta. &nbsp; Maanantai-iltap\u00e4iv\u00e4n\u00e4 [&hellip;]<\/p>\n","protected":false},"author":1,"featured_media":20320,"comment_status":"closed","ping_status":"closed","sticky":false,"template":"","format":"standard","meta":{"_seopress_titles_title":"","_seopress_titles_desc":"","_seopress_robots_index":"","_seopress_robots_follow":"","_seopress_robots_imageindex":"","_seopress_robots_snippet":"","_seopress_robots_primary_cat":"","_seopress_robots_breadcrumbs":"","_seopress_robots_freeze_modified_date":"","_seopress_robots_custom_modified_date":"","_seopress_robots_canonical":"","_seopress_social_fb_title":"","_seopress_social_fb_desc":"","_seopress_social_fb_img":"","_seopress_social_fb_img_attachment_id":0,"_seopress_social_fb_img_width":0,"_seopress_social_fb_img_height":0,"_seopress_social_twitter_title":"","_seopress_social_twitter_desc":"","_seopress_social_twitter_img":"","_seopress_social_twitter_img_attachment_id":0,"_seopress_social_twitter_img_width":0,"_seopress_social_twitter_img_height":0,"_seopress_redirections_value":"","_seopress_redirections_enabled":"","_seopress_redirections_enabled_regex":"","_seopress_redirections_logged_status":"","_seopress_redirections_param":"","_seopress_redirections_type":0,"_seopress_analysis_target_kw":"","footnotes":""},"categories":[65],"tags":[],"class_list":["post-20319","post","type-post","status-publish","format-standard","has-post-thumbnail","hentry","category-uutiset"],"_links":{"self":[{"href":"https:\/\/seed.adtg.fr\/fi\/wp-json\/wp\/v2\/posts\/20319","targetHints":{"allow":["GET"]}}],"collection":[{"href":"https:\/\/seed.adtg.fr\/fi\/wp-json\/wp\/v2\/posts"}],"about":[{"href":"https:\/\/seed.adtg.fr\/fi\/wp-json\/wp\/v2\/types\/post"}],"author":[{"embeddable":true,"href":"https:\/\/seed.adtg.fr\/fi\/wp-json\/wp\/v2\/users\/1"}],"replies":[{"embeddable":true,"href":"https:\/\/seed.adtg.fr\/fi\/wp-json\/wp\/v2\/comments?post=20319"}],"version-history":[{"count":1,"href":"https:\/\/seed.adtg.fr\/fi\/wp-json\/wp\/v2\/posts\/20319\/revisions"}],"predecessor-version":[{"id":20377,"href":"https:\/\/seed.adtg.fr\/fi\/wp-json\/wp\/v2\/posts\/20319\/revisions\/20377"}],"wp:featuredmedia":[{"embeddable":true,"href":"https:\/\/seed.adtg.fr\/fi\/wp-json\/wp\/v2\/media\/20320"}],"wp:attachment":[{"href":"https:\/\/seed.adtg.fr\/fi\/wp-json\/wp\/v2\/media?parent=20319"}],"wp:term":[{"taxonomy":"category","embeddable":true,"href":"https:\/\/seed.adtg.fr\/fi\/wp-json\/wp\/v2\/categories?post=20319"},{"taxonomy":"post_tag","embeddable":true,"href":"https:\/\/seed.adtg.fr\/fi\/wp-json\/wp\/v2\/tags?post=20319"}],"curies":[{"name":"wp","href":"https:\/\/api.w.org\/{rel}","templated":true}]}}