{"id":20323,"date":"2026-07-07T16:48:06","date_gmt":"2026-07-07T16:48:06","guid":{"rendered":"https:\/\/seed.adtg.fr\/loppuseminaari\/"},"modified":"2026-07-07T16:48:06","modified_gmt":"2026-07-07T16:48:06","slug":"loppuseminaari","status":"publish","type":"post","link":"https:\/\/seed.adtg.fr\/fi\/loppuseminaari\/","title":{"rendered":"Loppuseminaari"},"content":{"rendered":"<p class=\"font-claude-response-body break-words whitespace-normal\"><strong>Kes\u00e4kuussa 2028 kolmen vuoden eurooppalainen yhteisty\u00f6 p\u00e4\u00e4ttyy Lilless\u00e4 SEEDS for Culture -hankkeen loppuseminaariin. Kahden p\u00e4iv\u00e4n aikana kumppanit, opettajat ja kulttuurialan ammattilaiset kokoontuvat esittelem\u00e4\u00e4n hankkeen tuloksia, jakamaan kent\u00e4lt\u00e4 saatuja oppeja ja pohtimaan yhdess\u00e4 niiden jatkuvuutta. <\/strong><\/p>\n<p class=\"font-claude-response-body break-words whitespace-normal\">Hankkeen huipentumana t\u00e4m\u00e4 eurooppalainen levitt\u00e4misseminaari kokoaa yhteen seitsem\u00e4n SEEDS for Culture -kumppania ja heid\u00e4n verkostonsa \u2013 noin 80 osallistujaa viidest\u00e4 maasta. Se merkitsee vuonna 2025 k\u00e4ynnistetyn yhteisty\u00f6n huipentumaa, jonka tavoitteena on tehd\u00e4 taiteellisesta ja kulttuurikasvatuksesta osallisuuden ja pedagogisen innovaation v\u00e4line. <\/p>\n<p class=\"font-claude-response-body break-words whitespace-normal\">Keskustelut keskittyv\u00e4t nelj\u00e4\u00e4n hankkeen aikana kehitettyyn tuotokseen: hyvien k\u00e4yt\u00e4nt\u00f6jen inventaarioon ja monikieliseen oppaaseen, jotka ovat syntyneet eurooppalaisen kartoituksen tuloksena (WP2), opettajille ja kulttuurialan ammattilaisille suunnattuun t\u00e4ydennyskoulutusmoduuliin (WP3) sek\u00e4 Thyssen-Bornemisza-s\u00e4\u00e4ti\u00f6n koordinoimaan vihre\u00e4\u00e4n kirjaan, joka sis\u00e4lt\u00e4\u00e4 suosituksia julkisille p\u00e4\u00e4t\u00f6ksentekij\u00f6ille (WP4).<\/p>\n<p class=\"font-claude-response-body break-words whitespace-normal\">Tulosten esittelyn lis\u00e4ksi seminaari tarjoaa tilaisuuden jakaa palautetta kokeilu- ja koulutusvaiheista sek\u00e4 avata yhteist\u00e4 pohdintaa toimien jatkuvuudesta ja niiden levitt\u00e4misest\u00e4 laajemmassa mittakaavassa sek\u00e4 Euroopassa ett\u00e4 kumppanialueilla.<\/p>\n<p class=\"font-claude-response-body break-words whitespace-normal\">Ohjelma yhdist\u00e4\u00e4 tulosten esittelyjaksoja, sidosryhmien v\u00e4lisi\u00e4 keskusteluja ja vahvan kulttuurisen hetken: vierailun Matisse-museoon Le Cateau-Cambr\u00e9sissa, joka laajentaa hankkeen ytimess\u00e4 olevaa kasvatuksen, taiteen ja alueen kohtaamista.<\/p>\n","protected":false},"excerpt":{"rendered":"<p>Kes\u00e4kuussa 2028 kolmen vuoden eurooppalainen yhteisty\u00f6 p\u00e4\u00e4ttyy Lilless\u00e4 SEEDS for Culture -hankkeen loppuseminaariin. Kahden p\u00e4iv\u00e4n aikana kumppanit, opettajat ja kulttuurialan ammattilaiset kokoontuvat esittelem\u00e4\u00e4n hankkeen tuloksia, jakamaan kent\u00e4lt\u00e4 saatuja oppeja ja pohtimaan yhdess\u00e4 niiden jatkuvuutta. Hankkeen huipentumana t\u00e4m\u00e4 eurooppalainen levitt\u00e4misseminaari kokoaa yhteen seitsem\u00e4n SEEDS for Culture -kumppania ja heid\u00e4n verkostonsa \u2013 noin 80 osallistujaa viidest\u00e4 maasta. [&hellip;]<\/p>\n","protected":false},"author":1,"featured_media":20324,"comment_status":"closed","ping_status":"closed","sticky":false,"template":"","format":"standard","meta":{"_seopress_titles_title":"","_seopress_titles_desc":"","_seopress_robots_index":"","_seopress_robots_follow":"","_seopress_robots_imageindex":"","_seopress_robots_snippet":"","_seopress_robots_primary_cat":"","_seopress_robots_breadcrumbs":"","_seopress_robots_freeze_modified_date":"","_seopress_robots_custom_modified_date":"","_seopress_robots_canonical":"","_seopress_social_fb_title":"","_seopress_social_fb_desc":"","_seopress_social_fb_img":"","_seopress_social_fb_img_attachment_id":0,"_seopress_social_fb_img_width":0,"_seopress_social_fb_img_height":0,"_seopress_social_twitter_title":"","_seopress_social_twitter_desc":"","_seopress_social_twitter_img":"","_seopress_social_twitter_img_attachment_id":0,"_seopress_social_twitter_img_width":0,"_seopress_social_twitter_img_height":0,"_seopress_redirections_value":"","_seopress_redirections_enabled":"","_seopress_redirections_enabled_regex":"","_seopress_redirections_logged_status":"","_seopress_redirections_param":"","_seopress_redirections_type":0,"_seopress_analysis_target_kw":"","footnotes":""},"categories":[63],"tags":[66],"class_list":["post-20323","post","type-post","status-publish","format-standard","has-post-thumbnail","hentry","category-tapahtumat","tag-kesakuu-2028"],"_links":{"self":[{"href":"https:\/\/seed.adtg.fr\/fi\/wp-json\/wp\/v2\/posts\/20323","targetHints":{"allow":["GET"]}}],"collection":[{"href":"https:\/\/seed.adtg.fr\/fi\/wp-json\/wp\/v2\/posts"}],"about":[{"href":"https:\/\/seed.adtg.fr\/fi\/wp-json\/wp\/v2\/types\/post"}],"author":[{"embeddable":true,"href":"https:\/\/seed.adtg.fr\/fi\/wp-json\/wp\/v2\/users\/1"}],"replies":[{"embeddable":true,"href":"https:\/\/seed.adtg.fr\/fi\/wp-json\/wp\/v2\/comments?post=20323"}],"version-history":[{"count":0,"href":"https:\/\/seed.adtg.fr\/fi\/wp-json\/wp\/v2\/posts\/20323\/revisions"}],"wp:featuredmedia":[{"embeddable":true,"href":"https:\/\/seed.adtg.fr\/fi\/wp-json\/wp\/v2\/media\/20324"}],"wp:attachment":[{"href":"https:\/\/seed.adtg.fr\/fi\/wp-json\/wp\/v2\/media?parent=20323"}],"wp:term":[{"taxonomy":"category","embeddable":true,"href":"https:\/\/seed.adtg.fr\/fi\/wp-json\/wp\/v2\/categories?post=20323"},{"taxonomy":"post_tag","embeddable":true,"href":"https:\/\/seed.adtg.fr\/fi\/wp-json\/wp\/v2\/tags?post=20323"}],"curies":[{"name":"wp","href":"https:\/\/api.w.org\/{rel}","templated":true}]}}