{"id":19510,"date":"2026-07-07T16:48:06","date_gmt":"2026-07-07T16:48:06","guid":{"rendered":"https:\/\/seed.adtg.fr\/?p=19510"},"modified":"2026-07-07T17:04:58","modified_gmt":"2026-07-07T17:04:58","slug":"conference-europeenne-sur-leducation-artistique-et-culturelle","status":"publish","type":"post","link":"https:\/\/seed.adtg.fr\/fr\/conference-europeenne-sur-leducation-artistique-et-culturelle\/","title":{"rendered":"Conf\u00e9rence europ\u00e9enne sur l&rsquo;Education Artistique et Culturelle"},"content":{"rendered":"<p><strong>Du 8 au 10 octobre 2025<\/strong>, Amiens a accueilli les Assises europ\u00e9ennes de l\u2019\u00c9ducation Artistique et Culturelle (EAC) \u00e0 la Maison de la Culture, r\u00e9unissant des acteurs de l\u2019\u00e9ducation, de la culture et de la recherche venus de toute l\u2019Europe.<\/p>\n<p>Durant trois jours, conf\u00e9rences, tables rondes, et ateliers ont explor\u00e9 les grands enjeux de l\u2019Education Artistique et Culturelle : \u00e9galit\u00e9 d\u2019acc\u00e8s, politiques locales et europ\u00e9ennes, place des artistes dans les projets \u00e9ducatifs, et adaptation aux enjeux actuels. Le programme a altern\u00e9 temps de r\u00e9flexion et de pratique, avec des interventions d\u2019experts europ\u00e9ens, des d\u00e9monstrations artistiques, et des pr\u00e9sentations d\u2019initiatives locales. Amiens M\u00e9tropole, engag\u00e9e dans une d\u00e9marche \u00ab 100 % Education Artistique et Culturelle \u00bb, y a mis en avant ses actions et ses partenariats, tout en nourrissant le d\u00e9bat sur la g\u00e9n\u00e9ralisation de l\u2019\u00e9ducation artistique.<\/p>\n<p><strong>Ces Assises ont fait \u00e9merger des pistes fortes<\/strong> : renforcer la formation des acteurs, d\u00e9velopper la coop\u00e9ration europ\u00e9enne, et garantir l\u2019acc\u00e8s de tous les jeunes \u00e0 la culture. Un moment cl\u00e9 pour affirmer l\u2019Education Artistique et Culturelle comme un pilier de l\u2019\u00e9ducation et de la citoyennet\u00e9 en Europe.<\/p>\n<p>Une synth\u00e8se du colloque, appel\u00e9e \u00ab\u00a0les actes des Assises\u00a0\u00bb, est disponible en <a href=\"https:\/\/seed.adtg.fr\/wp-content\/uploads\/2026\/07\/Proceedings-European-Conference-ACE-web.pdf\" target=\"_blank\" rel=\"noopener\"><strong>anglais<\/strong><\/a> et en <a href=\"https:\/\/seed.adtg.fr\/wp-content\/uploads\/2026\/07\/Actes-Assises-europeennes-EAC-web.pdf\" target=\"_blank\" rel=\"noopener\"><strong>fran\u00e7ais<\/strong><\/a> via ce lien.<\/p>\n","protected":false},"excerpt":{"rendered":"<p>Du 8 au 10 octobre 2025, Amiens a accueilli les Assises europ\u00e9ennes de l\u2019\u00c9ducation Artistique et Culturelle (EAC) \u00e0 la Maison de la Culture, r\u00e9unissant des acteurs de l\u2019\u00e9ducation, de la culture et de la recherche venus de toute l\u2019Europe. Durant trois jours, conf\u00e9rences, tables rondes, et ateliers ont explor\u00e9 les grands enjeux de l\u2019Education [&hellip;]<\/p>\n","protected":false},"author":1,"featured_media":19511,"comment_status":"closed","ping_status":"closed","sticky":false,"template":"","format":"standard","meta":{"_seopress_titles_title":"","_seopress_titles_desc":"","_seopress_robots_index":"","_seopress_robots_follow":"","_seopress_robots_imageindex":"","_seopress_robots_snippet":"","_seopress_robots_primary_cat":"","_seopress_robots_breadcrumbs":"","_seopress_robots_freeze_modified_date":"","_seopress_robots_custom_modified_date":"","_seopress_robots_canonical":"","_seopress_social_fb_title":"","_seopress_social_fb_desc":"","_seopress_social_fb_img":"","_seopress_social_fb_img_attachment_id":0,"_seopress_social_fb_img_width":0,"_seopress_social_fb_img_height":0,"_seopress_social_twitter_title":"","_seopress_social_twitter_desc":"","_seopress_social_twitter_img":"","_seopress_social_twitter_img_attachment_id":0,"_seopress_social_twitter_img_width":0,"_seopress_social_twitter_img_height":0,"_seopress_redirections_value":"","_seopress_redirections_enabled":"","_seopress_redirections_enabled_regex":"","_seopress_redirections_logged_status":"","_seopress_redirections_param":"","_seopress_redirections_type":0,"_seopress_analysis_target_kw":"","footnotes":""},"categories":[18],"tags":[22],"class_list":["post-19510","post","type-post","status-publish","format-standard","has-post-thumbnail","hentry","category-evenements","tag-octobre-2025"],"_links":{"self":[{"href":"https:\/\/seed.adtg.fr\/fr\/wp-json\/wp\/v2\/posts\/19510","targetHints":{"allow":["GET"]}}],"collection":[{"href":"https:\/\/seed.adtg.fr\/fr\/wp-json\/wp\/v2\/posts"}],"about":[{"href":"https:\/\/seed.adtg.fr\/fr\/wp-json\/wp\/v2\/types\/post"}],"author":[{"embeddable":true,"href":"https:\/\/seed.adtg.fr\/fr\/wp-json\/wp\/v2\/users\/1"}],"replies":[{"embeddable":true,"href":"https:\/\/seed.adtg.fr\/fr\/wp-json\/wp\/v2\/comments?post=19510"}],"version-history":[{"count":3,"href":"https:\/\/seed.adtg.fr\/fr\/wp-json\/wp\/v2\/posts\/19510\/revisions"}],"predecessor-version":[{"id":19666,"href":"https:\/\/seed.adtg.fr\/fr\/wp-json\/wp\/v2\/posts\/19510\/revisions\/19666"}],"wp:featuredmedia":[{"embeddable":true,"href":"https:\/\/seed.adtg.fr\/fr\/wp-json\/wp\/v2\/media\/19511"}],"wp:attachment":[{"href":"https:\/\/seed.adtg.fr\/fr\/wp-json\/wp\/v2\/media?parent=19510"}],"wp:term":[{"taxonomy":"category","embeddable":true,"href":"https:\/\/seed.adtg.fr\/fr\/wp-json\/wp\/v2\/categories?post=19510"},{"taxonomy":"post_tag","embeddable":true,"href":"https:\/\/seed.adtg.fr\/fr\/wp-json\/wp\/v2\/tags?post=19510"}],"curies":[{"name":"wp","href":"https:\/\/api.w.org\/{rel}","templated":true}]}}