{"id":19523,"date":"2026-07-07T16:48:06","date_gmt":"2026-07-07T16:48:06","guid":{"rendered":"https:\/\/seed.adtg.fr\/?p=19523"},"modified":"2026-07-07T16:48:06","modified_gmt":"2026-07-07T16:48:06","slug":"seminaire-final","status":"publish","type":"post","link":"https:\/\/seed.adtg.fr\/fr\/seminaire-final\/","title":{"rendered":"S\u00e9minaire final"},"content":{"rendered":"<p class=\"font-claude-response-body break-words whitespace-normal\"><strong>En juin 2028, trois ann\u00e9es de coop\u00e9ration europ\u00e9enne se cl\u00f4tureront \u00e0 Lille avec le s\u00e9minaire final de SEEDS for Culture. Pendant [deux jours], les partenaires, des enseignants et des professionnels de la culture se r\u00e9uniront pour pr\u00e9senter les r\u00e9sultats du projet, partager les enseignements du terrain et r\u00e9fl\u00e9chir ensemble \u00e0 leur p\u00e9rennisation.<\/strong><\/p>\n<p class=\"font-claude-response-body break-words whitespace-normal\">Point d&rsquo;orgue du projet, ce s\u00e9minaire europ\u00e9en de diss\u00e9mination r\u00e9unira les sept partenaires de SEEDS for Culture ainsi que leurs r\u00e9seaux \u2014 soit environ 80 participants issus de cinq pays. Il marquera l&rsquo;aboutissement d&rsquo;un travail commun engag\u00e9 en 2025 pour faire de l&rsquo;\u00e9ducation artistique et culturelle un levier d&rsquo;inclusion et d&rsquo;innovation p\u00e9dagogique.<\/p>\n<p class=\"font-claude-response-body break-words whitespace-normal\">Les \u00e9changes porteront sur les quatre productions d\u00e9velopp\u00e9es tout au long du projet : l&rsquo;inventaire des bonnes pratiques et le guide multilingue issus de l&rsquo;\u00e9tat des lieux europ\u00e9en (WP2), le module de formation continue destin\u00e9 aux enseignants et aux professionnels de la culture (WP3), et le Livre vert, coordonn\u00e9 par la Fondation Thyssen-Bornemisza, qui formule des recommandations \u00e0 l&rsquo;intention des d\u00e9cideurs publics (WP4).<\/p>\n<p class=\"font-claude-response-body break-words whitespace-normal\">Au-del\u00e0 de la restitution des r\u00e9sultats, le s\u00e9minaire sera l&rsquo;occasion de partager les retours des phases d&rsquo;exp\u00e9rimentation et de formation, et d&rsquo;ouvrir une r\u00e9flexion collective sur la p\u00e9rennisation des actions et leur diffusion \u00e0 plus grande \u00e9chelle, en Europe comme dans les territoires partenaires.<\/p>\n<p class=\"font-claude-response-body break-words whitespace-normal\">Le programme associera temps de restitution, \u00e9changes entre acteurs et un temps culturel fort : une visite du mus\u00e9e Matisse, au Cateau-Cambr\u00e9sis, prolongeant la rencontre entre \u00e9ducation, art et territoire qui est au c\u0153ur du projet.<\/p>\n","protected":false},"excerpt":{"rendered":"<p>En juin 2028, trois ann\u00e9es de coop\u00e9ration europ\u00e9enne se cl\u00f4tureront \u00e0 Lille avec le s\u00e9minaire final de SEEDS for Culture. Pendant [deux jours], les partenaires, des enseignants et des professionnels de la culture se r\u00e9uniront pour pr\u00e9senter les r\u00e9sultats du projet, partager les enseignements du terrain et r\u00e9fl\u00e9chir ensemble \u00e0 leur p\u00e9rennisation. Point d&rsquo;orgue du [&hellip;]<\/p>\n","protected":false},"author":1,"featured_media":18387,"comment_status":"closed","ping_status":"closed","sticky":false,"template":"","format":"standard","meta":{"_seopress_titles_title":"","_seopress_titles_desc":"","_seopress_robots_index":"","_seopress_robots_follow":"","_seopress_robots_imageindex":"","_seopress_robots_snippet":"","_seopress_robots_primary_cat":"","_seopress_robots_breadcrumbs":"","_seopress_robots_freeze_modified_date":"","_seopress_robots_custom_modified_date":"","_seopress_robots_canonical":"","_seopress_social_fb_title":"","_seopress_social_fb_desc":"","_seopress_social_fb_img":"","_seopress_social_fb_img_attachment_id":0,"_seopress_social_fb_img_width":0,"_seopress_social_fb_img_height":0,"_seopress_social_twitter_title":"","_seopress_social_twitter_desc":"","_seopress_social_twitter_img":"","_seopress_social_twitter_img_attachment_id":0,"_seopress_social_twitter_img_width":0,"_seopress_social_twitter_img_height":0,"_seopress_redirections_value":"","_seopress_redirections_enabled":"","_seopress_redirections_enabled_regex":"","_seopress_redirections_logged_status":"","_seopress_redirections_param":"","_seopress_redirections_type":0,"_seopress_analysis_target_kw":"","footnotes":""},"categories":[18],"tags":[23],"class_list":["post-19523","post","type-post","status-publish","format-standard","has-post-thumbnail","hentry","category-evenements","tag-juin-2028"],"_links":{"self":[{"href":"https:\/\/seed.adtg.fr\/fr\/wp-json\/wp\/v2\/posts\/19523","targetHints":{"allow":["GET"]}}],"collection":[{"href":"https:\/\/seed.adtg.fr\/fr\/wp-json\/wp\/v2\/posts"}],"about":[{"href":"https:\/\/seed.adtg.fr\/fr\/wp-json\/wp\/v2\/types\/post"}],"author":[{"embeddable":true,"href":"https:\/\/seed.adtg.fr\/fr\/wp-json\/wp\/v2\/users\/1"}],"replies":[{"embeddable":true,"href":"https:\/\/seed.adtg.fr\/fr\/wp-json\/wp\/v2\/comments?post=19523"}],"version-history":[{"count":1,"href":"https:\/\/seed.adtg.fr\/fr\/wp-json\/wp\/v2\/posts\/19523\/revisions"}],"predecessor-version":[{"id":19533,"href":"https:\/\/seed.adtg.fr\/fr\/wp-json\/wp\/v2\/posts\/19523\/revisions\/19533"}],"wp:featuredmedia":[{"embeddable":true,"href":"https:\/\/seed.adtg.fr\/fr\/wp-json\/wp\/v2\/media\/18387"}],"wp:attachment":[{"href":"https:\/\/seed.adtg.fr\/fr\/wp-json\/wp\/v2\/media?parent=19523"}],"wp:term":[{"taxonomy":"category","embeddable":true,"href":"https:\/\/seed.adtg.fr\/fr\/wp-json\/wp\/v2\/categories?post=19523"},{"taxonomy":"post_tag","embeddable":true,"href":"https:\/\/seed.adtg.fr\/fr\/wp-json\/wp\/v2\/tags?post=19523"}],"curies":[{"name":"wp","href":"https:\/\/api.w.org\/{rel}","templated":true}]}}