{"id":19648,"date":"2025-10-15T15:14:00","date_gmt":"2025-10-15T15:14:00","guid":{"rendered":"https:\/\/seed.adtg.fr\/?p=19648"},"modified":"2026-07-07T15:16:14","modified_gmt":"2026-07-07T15:16:14","slug":"cette-semaine-de-mobilite-erasmus-du-projet-seeds","status":"publish","type":"post","link":"https:\/\/seed.adtg.fr\/fr\/cette-semaine-de-mobilite-erasmus-du-projet-seeds\/","title":{"rendered":"Cette semaine de mobilit\u00e9 Erasmus+ du projet SEEDS"},"content":{"rendered":"<p>Cette semaine de mobilit\u00e9 Erasmus+ du projet SEEDS a r\u00e9uni \u00e0 Amiens les diff\u00e9rents partenaires europ\u00e9ens afin de lancer officiellement la coop\u00e9ration et de d\u00e9finir les premi\u00e8res \u00e9tapes du projet. Apr\u00e8s l\u2019arriv\u00e9e des participants le dimanche 5 octobre 2025, les activit\u00e9s ont d\u00e9but\u00e9 le lundi par une rencontre au Rectorat d\u2019Amiens. La matin\u00e9e a \u00e9t\u00e9 consacr\u00e9e \u00e0 l\u2019accueil des participants, aux pr\u00e9sentations des diff\u00e9rentes organisations partenaires et \u00e0 la d\u00e9couverte du cadre administratif du projet. Les participants ont \u00e9galement \u00e9t\u00e9 accueillis par Pierre Moya, recteur de l\u2019Acad\u00e9mie d\u2019Amiens.<\/p>\n<p>&nbsp;<\/p>\n<p>L\u2019apr\u00e8s-midi du lundi, une r\u00e9union \u00e0 l\u2019H\u00f4tel de Ville a permis de pr\u00e9senter plus en d\u00e9tail le projet SEEDS, ses origines, ses objectifs et les impacts attendus. Chaque partenaire a ensuite expos\u00e9 son implication dans le projet. Les premiers travaux concernant le lot de travail WP2 ont \u00e9t\u00e9 r\u00e9partis entre les partenaires, notamment autour de la conf\u00e9rence europ\u00e9enne, de l\u2019inventaire des ressources et de la r\u00e9alisation d\u2019un guide. La journ\u00e9e s\u2019est termin\u00e9e par un d\u00eener convivial favorisant les \u00e9changes entre les participants.<\/p>\n<p>&nbsp;<\/p>\n<p>Le mardi 7 octobre, les partenaires se sont retrouv\u00e9s \u00e0 l\u2019H\u00f4tel de Ville pour poursuivre les travaux. Apr\u00e8s un rappel du cadre administratif assur\u00e9 par le GIP Via Pro, les participants ont proc\u00e9d\u00e9 au choix du logo du projet. L\u2019apr\u00e8s-midi, une r\u00e9union au Clo\u00eetre Dewailly a permis de pr\u00e9senter le calendrier g\u00e9n\u00e9ral du projet ainsi que le programme des activit\u00e9s pr\u00e9vues pour les ann\u00e9es 2025-2026. Les discussions se sont poursuivies sur l\u2019organisation du WP2 et sur la coordination des diff\u00e9rentes actions.<\/p>\n<p>&nbsp;<\/p>\n<p>Du 8 au 10 octobre, les participants ont pris part \u00e0 la Conf\u00e9rence europ\u00e9enne consacr\u00e9e \u00e0 l\u2019\u00e9ducation artistique et culturelle, organis\u00e9e \u00e0 la Maison de la Culture d\u2019Amiens. Cet \u00e9v\u00e9nement a constitu\u00e9 un temps fort de la mobilit\u00e9, offrant l\u2019occasion d\u2019\u00e9changer sur les pratiques \u00e9ducatives et culturelles, de renforcer les liens entre les partenaires europ\u00e9ens et de poursuivre la mise en \u0153uvre du projet SEEDS dans une dynamique de coop\u00e9ration et de partage d\u2019exp\u00e9riences.<\/p>\n","protected":false},"excerpt":{"rendered":"<p>Cette semaine de mobilit\u00e9 Erasmus+ du projet SEEDS a r\u00e9uni \u00e0 Amiens les diff\u00e9rents partenaires europ\u00e9ens afin de lancer officiellement la coop\u00e9ration et de d\u00e9finir les premi\u00e8res \u00e9tapes du projet. Apr\u00e8s l\u2019arriv\u00e9e des participants le dimanche 5 octobre 2025, les activit\u00e9s ont d\u00e9but\u00e9 le lundi par une rencontre au Rectorat d\u2019Amiens. La matin\u00e9e a \u00e9t\u00e9 [&hellip;]<\/p>\n","protected":false},"author":1,"featured_media":19649,"comment_status":"closed","ping_status":"","sticky":false,"template":"","format":"standard","meta":{"_seopress_titles_title":"","_seopress_titles_desc":"","_seopress_robots_index":"","_seopress_robots_follow":"","_seopress_robots_imageindex":"","_seopress_robots_snippet":"","_seopress_robots_primary_cat":"","_seopress_robots_breadcrumbs":"","_seopress_robots_freeze_modified_date":"","_seopress_robots_custom_modified_date":"","_seopress_robots_canonical":"","_seopress_social_fb_title":"","_seopress_social_fb_desc":"","_seopress_social_fb_img":"","_seopress_social_fb_img_attachment_id":0,"_seopress_social_fb_img_width":0,"_seopress_social_fb_img_height":0,"_seopress_social_twitter_title":"","_seopress_social_twitter_desc":"","_seopress_social_twitter_img":"","_seopress_social_twitter_img_attachment_id":0,"_seopress_social_twitter_img_width":0,"_seopress_social_twitter_img_height":0,"_seopress_redirections_value":"","_seopress_redirections_enabled":"","_seopress_redirections_enabled_regex":"","_seopress_redirections_logged_status":"","_seopress_redirections_param":"","_seopress_redirections_type":0,"_seopress_analysis_target_kw":"","footnotes":""},"categories":[19],"tags":[],"class_list":["post-19648","post","type-post","status-publish","format-standard","has-post-thumbnail","hentry","category-actualites"],"_links":{"self":[{"href":"https:\/\/seed.adtg.fr\/fr\/wp-json\/wp\/v2\/posts\/19648","targetHints":{"allow":["GET"]}}],"collection":[{"href":"https:\/\/seed.adtg.fr\/fr\/wp-json\/wp\/v2\/posts"}],"about":[{"href":"https:\/\/seed.adtg.fr\/fr\/wp-json\/wp\/v2\/types\/post"}],"author":[{"embeddable":true,"href":"https:\/\/seed.adtg.fr\/fr\/wp-json\/wp\/v2\/users\/1"}],"replies":[{"embeddable":true,"href":"https:\/\/seed.adtg.fr\/fr\/wp-json\/wp\/v2\/comments?post=19648"}],"version-history":[{"count":1,"href":"https:\/\/seed.adtg.fr\/fr\/wp-json\/wp\/v2\/posts\/19648\/revisions"}],"predecessor-version":[{"id":19650,"href":"https:\/\/seed.adtg.fr\/fr\/wp-json\/wp\/v2\/posts\/19648\/revisions\/19650"}],"wp:featuredmedia":[{"embeddable":true,"href":"https:\/\/seed.adtg.fr\/fr\/wp-json\/wp\/v2\/media\/19649"}],"wp:attachment":[{"href":"https:\/\/seed.adtg.fr\/fr\/wp-json\/wp\/v2\/media?parent=19648"}],"wp:term":[{"taxonomy":"category","embeddable":true,"href":"https:\/\/seed.adtg.fr\/fr\/wp-json\/wp\/v2\/categories?post=19648"},{"taxonomy":"post_tag","embeddable":true,"href":"https:\/\/seed.adtg.fr\/fr\/wp-json\/wp\/v2\/tags?post=19648"}],"curies":[{"name":"wp","href":"https:\/\/api.w.org\/{rel}","templated":true}]}}